{"id":3555,"date":"2023-04-10T23:13:00","date_gmt":"2023-04-10T23:13:00","guid":{"rendered":"https:\/\/makfoto.de\/?p=3555"},"modified":"2023-12-25T15:02:22","modified_gmt":"2023-12-25T15:02:22","slug":"mini-europa-bruessel","status":"publish","type":"post","link":"https:\/\/makfoto.de\/?p=3555","title":{"rendered":"Mini Europa Br\u00fcssel"},"content":{"rendered":"\n<p>Willkommen in Mini-Europa, dem bezaubernden Park in Br\u00fcssel, der es Besuchern erm\u00f6glicht, in kurzer Zeit durch ganz Europa zu reisen. Dieser einzigartige Ort bietet eine faszinierende Miniaturwelt, in der ber\u00fchmte Sehensw\u00fcrdigkeiten und Wahrzeichen aus den verschiedenen L\u00e4ndern des Kontinents im Ma\u00dfstab 1:25 nachgebildet sind. <\/p>\n\n\n\n<p>Mini-Europa ist mehr als nur eine Sammlung von Miniaturmodellen. Es ist eine lebendige Reise durch Europa, die es den Besuchern erm\u00f6glicht, die Vielfalt der europ\u00e4ischen Kultur, Architektur und Geschichte zu erleben. Von den majest\u00e4tischen T\u00fcrmen des Eiffelturms \u00fcber das beeindruckende Kolosseum bis hin zur ikonischen Windm\u00fchle von Amsterdam \u2013 hier kann man die H\u00f6hepunkte Europas an einem Ort bewundern.<\/p>\n\n\n\n<p>Der Park bietet nicht nur visuelle Freuden, sondern auch interaktive Erlebnisse. Besucher k\u00f6nnen Kn\u00f6pfe dr\u00fccken, um Sehensw\u00fcrdigkeiten zu beleuchten, Z\u00fcge in Bewegung zu setzen oder den Klang ber\u00fchmter europ\u00e4ischer Symphonien zu h\u00f6ren. Diese interaktiven Elemente verleihen der Erfahrung eine zus\u00e4tzliche Dimension und machen den Besuch f\u00fcr Jung und Alt gleicherma\u00dfen unterhaltsam.<\/p>\n\n\n\n<p>Mini-Europa ist nicht nur ein Ort des Staunens, sondern auch eine Quelle der Bildung. Jedes Miniaturmodell ist mit informativen Tafeln versehen, die Hintergrundinformationen zu den jeweiligen Sehensw\u00fcrdigkeiten bieten. So wird der Besuch zu einer lehrreichen Entdeckungsreise durch die Geschichte und Kultur Europas.<\/p>\n\n\n\n<p>Mini-Europa in Br\u00fcssel ist ein wahrhaft einzigartiges Erlebnis, das die Sch\u00f6nheit und Vielfalt Europas in einem Miniaturformat einf\u00e4ngt. Egal, ob man alleine, mit Freunden oder der Familie kommt, der Park verspricht eine unterhaltsame und lehrreiche Reise durch den Kontinent. F\u00fcr Reiselustige, Geschichtsinteressierte und alle, die einfach eine gute Zeit haben m\u00f6chten, ist Mini-Europa definitiv einen Besuch wert.<\/p>\n\n\n\nngg_shortcode_0_placeholder\n","protected":false},"excerpt":{"rendered":"<p>Willkommen in Mini-Europa, dem bezaubernden Park in Br\u00fcssel, der es Besuchern erm\u00f6glicht, in kurzer Zeit durch ganz Europa zu reisen.<\/p>\n","protected":false},"author":1,"featured_media":3655,"comment_status":"open","ping_status":"open","sticky":false,"template":"","format":"standard","meta":{"_exactmetrics_skip_tracking":false,"_exactmetrics_sitenote_active":false,"_exactmetrics_sitenote_note":"","_exactmetrics_sitenote_category":0,"ngg_post_thumbnail":2362,"_jetpack_memberships_contains_paid_content":false,"footnotes":""},"categories":[11,6],"tags":[],"class_list":["post-3555","post","type-post","status-publish","format-standard","has-post-thumbnail","hentry","category-museen-und-ausstellungen","category-staedtetrips"],"jetpack_featured_media_url":"https:\/\/makfoto.de\/wp-content\/uploads\/2023\/12\/nggallery_import\/IMG_2625.jpeg","jetpack_sharing_enabled":true,"_links":{"self":[{"href":"https:\/\/makfoto.de\/index.php?rest_route=\/wp\/v2\/posts\/3555","targetHints":{"allow":["GET"]}}],"collection":[{"href":"https:\/\/makfoto.de\/index.php?rest_route=\/wp\/v2\/posts"}],"about":[{"href":"https:\/\/makfoto.de\/index.php?rest_route=\/wp\/v2\/types\/post"}],"author":[{"embeddable":true,"href":"https:\/\/makfoto.de\/index.php?rest_route=\/wp\/v2\/users\/1"}],"replies":[{"embeddable":true,"href":"https:\/\/makfoto.de\/index.php?rest_route=%2Fwp%2Fv2%2Fcomments&post=3555"}],"version-history":[{"count":3,"href":"https:\/\/makfoto.de\/index.php?rest_route=\/wp\/v2\/posts\/3555\/revisions"}],"predecessor-version":[{"id":3656,"href":"https:\/\/makfoto.de\/index.php?rest_route=\/wp\/v2\/posts\/3555\/revisions\/3656"}],"wp:featuredmedia":[{"embeddable":true,"href":"https:\/\/makfoto.de\/index.php?rest_route=\/wp\/v2\/media\/3655"}],"wp:attachment":[{"href":"https:\/\/makfoto.de\/index.php?rest_route=%2Fwp%2Fv2%2Fmedia&parent=3555"}],"wp:term":[{"taxonomy":"category","embeddable":true,"href":"https:\/\/makfoto.de\/index.php?rest_route=%2Fwp%2Fv2%2Fcategories&post=3555"},{"taxonomy":"post_tag","embeddable":true,"href":"https:\/\/makfoto.de\/index.php?rest_route=%2Fwp%2Fv2%2Ftags&post=3555"}],"curies":[{"name":"wp","href":"https:\/\/api.w.org\/{rel}","templated":true}]}}